{"id":507,"date":"2017-09-28T08:41:38","date_gmt":"2017-09-28T06:41:38","guid":{"rendered":"https:\/\/sietuva.lt\/?p=507"},"modified":"2017-09-28T08:41:38","modified_gmt":"2017-09-28T06:41:38","slug":"in-memoriam","status":"publish","type":"post","link":"https:\/\/sietuva.lt\/index.php\/2017\/09\/28\/in-memoriam\/","title":{"rendered":"In memoriam"},"content":{"rendered":"<p><img decoding=\"async\" loading=\"lazy\" class=\"size-full wp-image-508 aligncenter\" src=\"https:\/\/sietuva.lt\/wp-content\/uploads\/2017\/09\/1-usovas.jpg\" alt=\"1-usovas\" width=\"482\" height=\"766\" srcset=\"https:\/\/sietuva.lt\/wp-content\/uploads\/2017\/09\/1-usovas.jpg 482w, https:\/\/sietuva.lt\/wp-content\/uploads\/2017\/09\/1-usovas-189x300.jpg 189w\" sizes=\"(max-width: 482px) 100vw, 482px\" \/><\/p>\n<p style=\"text-align: justify;\">Vadovas Vladimiras Usovas visuomet buvo \u201ekiek kitoks\u201c. \u201eKitoks\u201c ta prasme, jog nesistengdavo daryti ar kurti taip, kad b\u016bt\u0173 suprantama ir \u012fprasta visiems, ta\u010diau ie\u0161kodavo toki\u0173 i\u0161rai\u0161kos priemoni\u0173, kurios nustebint\u0173 \u017ei\u016brov\u0105. Mano pirmasis susitikimas su Vadovu \u012fvyko 2002 metais, kuomet b\u016bdama antro kurso student\u0117 at\u0117jau \u0161okti \u012f \u201eSietuv\u0105\u201c. Pirm\u0173j\u0173 repeticij\u0173 jau neprisimenu, ta\u010diau viena, kas i\u0161liko atmintyje \u2013 tai Vadovo reiklumas. B\u016bdama naujok\u0117 gan jautriai reaguodavau \u012f jo pastabas, pamokymus, garsiai i\u0161tart\u0105 kritik\u0105. Rod\u0117s, na ir \u201ekabin\u0117jasi\u201c, na ir \u201eu\u017esis\u0117do\u201c. Vadovas daug \u017eod\u017ei\u0173 nesakydavo, ta\u010diau veido i\u0161rai\u0161ka, k\u016bno judesiai parodydavo, kad jis n\u0117ra patenkintas tavo atlikimu. Pamenu, kad buvo visko, net ir atviro pyk\u010dio su Vadovu, kuomet per vien\u0105 repeticij\u0105 buvau pastatyta \u0161okti \u012f man iki tol dar niekada nematyt\u0105 \u0161ok\u012f. Vadovas, pamenu, grie\u017etai nukirto, kad tu j\u012f dabar \u0161oksi, tod\u0117l prad\u0117k repetuoti. Tada tikrai nuo\u0161ird\u017eiai supykau, kad niekas man\u0119s \u2013 \u201enaujok\u0117s\u201c \u2013 nesupa\u017eindina nei su \u0161okio \u017eingsniais, nei su muzika. Tur\u0117jau prad\u0117ti \u0161okti kartu su visais ir, \u017einoma, kaip reikiant \u201egrybavau\u201c. Tik v\u0117liau supratau \u2013 toks yra Vadovo darbo stilius. Kad tik matydamas, jog tu gali, jog i\u0161 tav\u0119s dar galima \u201enulipdyti\u201c \u0161ok\u0117j\u0105, kuris \u0161iuo u\u017esi\u0117mimu tiesiog dega, gyvena juo, Vadovas nevengs ir kritikos, ir a\u0161tresni\u0173 \u017eod\u017ei\u0173.<\/p>\n<p style=\"text-align: justify;\">Gal daugeliui ir atrod\u0117, kad Vadovas \u2013 grie\u017etokas, ni\u016brus, nelink\u0119s pok\u0161tauti. Anaiptol. Iki \u0161iol prisimenu, kaip meiliai ir jautriai jis pasakodavo apie savo pavasarinius ir rudeninius \u017eem\u0117s darbus. Ne, dar\u017eovi\u0173 ar vaisi\u0173 jam nebuvo svarbu u\u017esiauginti. Jo aistra buvo g\u0117l\u0117s! Kart\u0105 va\u017eiavome po repeticijos namo, o Vadovas u\u017esideg\u0119s pasakojo, kad vis\u0105 eil\u0119 prisodino kardeli\u0173, kad j\u0173 spalvos \u2013 viena u\u017e kit\u0105 skaistesn\u0117s. Ir pasakojo jis su tokia meile, su r\u016bpes\u010diu, kad net maloniai nustebau, jog vyrui taip smagu puosel\u0117ti g\u0117les.<\/p>\n<p style=\"text-align: justify;\">Prie\u0161 repeticijas da\u017eniausiai Vadov\u0105 rasdavome savame kambariuke repeticij\u0173 sal\u0117s kampe. Nors ir nebuvo galima, ta\u010diau jis ten r\u016bkydavo, pelenus birendamas \u012f sen\u0105 medin\u0119 klump\u0119. S\u0117d\u0117davo koj\u0105 ant kojos sumet\u0119s, rankoje laikydamas cigaret\u0119, paklaustas, apie k\u0105 galvoja, pasakodavo tai apie b\u016bsim\u0173 tautini\u0173 kostium\u0173 eskizus, kuriuos nori ansambliui pasi\u016bti, tai apie laukian\u010di\u0173 pasirodym\u0173 vizijas. Pasakodavo, ta\u010diau kartu laukdavo ir tavo pritarimo, komentaro, palaikymo. Vadovas labai da\u017enai buvo link\u0119s tartis su \u0161ok\u0117jais, leisti jiems patiems rinktis. Atsimenu, buvo u\u017esakyti ir pasi\u016bti moteri\u0161ki tautiniai kostiumai \u2013 kiekvienas skirtingos spalvos. At\u0117jo vadovas ir visoms merginoms pasak\u0117: \u201ena, kiekviena rinkit\u0117s, kuri spalva jums gra\u017eiausia, tik balt\u0105j\u012f kostium\u0105 palikite tai, kuri \u0161oks nuotakos partij\u0105\u201c.<\/p>\n<p style=\"text-align: justify;\">Savo darb\u0105 Vadovas labai myl\u0117jo. Pykdavo ant \u0161ok\u0117j\u0173, praleid\u017eian\u010di\u0173 repeticijas, d\u017eiaugdavosi tais, kurie lanko stropiausiai. Per \u201eSietuvos\u201c 50 met\u0173 jubiliej\u0173 Vadovas asmeni\u0161kai r\u016bpinosi, kad ilgiausiai \u0161okantiems \u0161ok\u0117jams b\u016bt\u0173 skirtos Kult\u016bros ministerijos ir Kolegijos vadovyb\u0117s pad\u0117kos. Jam atrod\u0117 teisinga, kad u\u017e \u012fd\u0117t\u0105 darb\u0105 ir skirt\u0105 laik\u0105 turi b\u016bti bent jau tokiu b\u016bdu atsilyginta. Lygiai taip pat ir repertuaras: Vadovas \u0161ok\u0117jams steng\u0117si j\u012f sudaryti tok\u012f, kad b\u016bt\u0173 \u012fdomu, kitoni\u0161ka, kad jeigu jau lankai repeticijas, nepask\u0119stum nuobodulyje ir rutinoje. Gal d\u0117l to jis da\u017enai kviesdavo kitus \u0161okio meno \u017emones pastatyti vien\u0105 ar kit\u0105 \u0161ok\u012f sietuvie\u010diams. \u201eSietuvoje\u201c \u0161okdama susipa\u017einau ir su V. Buterlevi\u010diumi, ir su R. Tamu\u010diu, ir su A. Kondratavi\u010diumi, kurio \u0161okiai ir po\u017ei\u016bris \u012f liaudies men\u0105 apskritai, mano supratimu, buvo artimi V. Usovui. Juk Vadovas dr\u0105siai leido eksperimentuoti su \u0161okiais \u201eAu\u0161ra\u201c ar \u201eJor\u0117\u201c, kuriuose tradicin\u0117s polkut\u0117s n\u0117 su \u017eiburiu nepamatysi.<\/p>\n<p style=\"text-align: justify;\">Vadovas d\u017eiaug\u0117si kiekvienu \u0161ok\u0117ju, galimybe su juo pabendrauti, j\u012f gerb\u0117, ta\u010diau nevengdavo ir vienu kitu \u017eodeliu nepiktai paerzinti. \u201eO, m\u016bs\u0173 bankinink\u0117 at\u0117jo; oi, \u010dia jau medikai, rimti \u017emon\u0117s; na ir labas, me\u0161kute; kur gi m\u016bs\u0173 paltukas\u201c&#8230; Niekas nepykdavo, visi drauge smagiai pasijuokdavome. \u0160ok\u0117jus myl\u0117jo, steng\u0117si d\u0117l j\u0173. Pamenu, vyko pasiruo\u0161imas dviej\u0173 sietuvi\u0161ki\u0173 Ievos ir Gy\u010dio vestuv\u0117ms. Vadovas sako: \u201ena, jau Simutytei tai reikia kaip reikiant prie ba\u017eny\u010dios pa\u0161okti, neu\u017eteks tik tradicin\u0117s \u201eSadut\u0117s\u201c.<\/p>\n<p style=\"text-align: justify;\">Vadovui b\u016bdavo smagu kitus nustebinti. Atmintyje i\u0161lik\u0119s pasiruo\u0161imas \u201eKadagio\u201c konkursui. Daug repetuota, ruo\u0161tasi. Prie\u0161 vien\u0105 repeticij\u0105 Vadovas tarsi tarp kitko man u\u017esimin\u0117, kad nori auskar\u0105 \u012fsiverti. Sako: \u201e\u017einai, Au\u0161ra, bet a\u0161 taip ir padarysiu, pamatysi\u201c. Dar po keli\u0173 repeticij\u0173 mums va\u017eiuojant namo Vadovas pasigyr\u0117, kad jau ir auksin\u012f auskar\u0105 tam reikalui nusipirko! Ir ne bet kok\u012f auskariuk\u0105, o kabant\u012f auksin\u012f kry\u017eel\u012f. T\u0105 dien\u0105, kai visi susirinkome prie autobuso kelionei \u012f \u201eKadagio\u201c konkurs\u0105, Vadovas i\u0161 ties\u0173 visiems pasirod\u0117 jau su auksiniu kry\u017eeliu ausyje! Vieni \u0161ok\u0117jai kiek pasi\u0161aip\u0117 u\u017enugaryje, kiti galvomis pakraip\u0117, o a\u0161 tada pagalvojau, kad na ir vali\u016bki\u0161kas tas Usovas! Pamenu, Vadovas tada sak\u0117, kad \u0161is auskaras \u201eKadagio\u201c konkurse \u201eSietuvai\u201c b\u016btinai atne\u0161 pergal\u0119.<\/p>\n<p style=\"text-align: justify;\">Dar vienas mintyse i\u0161lik\u0119s prisiminimas apie Vadov\u0105 \u2013 pasis\u0117d\u0117jimas Bir\u0161tono kult\u016bros nam\u0173 kavinait\u0117je. Iki \u0161iol va\u017eiuodama pro t\u0105 viet\u0105 prisimenu Vadovo pasakojim\u0105, kad \u0161ioje kavin\u0117je yra privalu paragauti blyneli\u0173 su \u0161pinatais, nes \u010dia jie \u2013 patys skaniausi. Ir t\u0105 kart\u0105 prie\u0161 koncert\u0105 Vadovas b\u016btent ir u\u017esisak\u0117 skani\u0173j\u0173 blyneli\u0173.<\/p>\n<p style=\"text-align: justify;\">Kiekvienam \u0161ok\u0117jui prisiminimas apie \u0161\u012f Vadov\u0105 liks savitas: vieni labiau akcentuos \u0161okio technik\u0105, kiti \u2013 k\u016brybi\u0161kum\u0105, treti \u2013 bendrus pasibuvimus po koncert\u0173 ir smagias vakarones. Mano \u0161irdyje rikiuot\u0173si tokie epitetai Vadovui apib\u016bdinti: sumanus, kantrus, i\u0161laik\u0119s vaiki\u0161ko nustebimo dovan\u0105, nenorintis b\u016bti vienodas su visais, dr\u012fstantis i\u0161siskirti, jautrus.<\/p>\n<p>Ils\u0117kis ramyb\u0117je, m\u016bs\u0173 Vadove.<\/p>\n<p style=\"text-align: right;\"><em>Au\u0161ra (2002-2012 m. \u0161ok\u0117ja)<\/em><\/p>\n","protected":false},"excerpt":{"rendered":"<p>Vadovas Vladimiras Usovas visuomet buvo \u201ekiek kitoks\u201c. \u201eKitoks\u201c ta prasme, jog nesistengdavo daryti ar kurti taip, kad b\u016bt\u0173 suprantama ir \u012fprasta visiems, ta\u010diau ie\u0161kodavo toki\u0173 i\u0161rai\u0161kos priemoni\u0173, kurios nustebint\u0173 \u017ei\u016brov\u0105. Mano pirmasis susitikimas su Vadovu \u012fvyko 2002 metais, kuomet b\u016bdama antro kurso student\u0117 at\u0117jau \u0161okti \u012f \u201eSietuv\u0105\u201c. Pirm\u0173j\u0173 repeticij\u0173 jau neprisimenu, ta\u010diau viena, kas i\u0161liko&hellip;<\/p>\n","protected":false},"author":1,"featured_media":0,"comment_status":"open","ping_status":"open","sticky":false,"template":"","format":"standard","meta":{"_mi_skip_tracking":false},"categories":[13],"tags":[],"yoast_head":"<!-- This site is optimized with the Yoast SEO plugin v19.0 - https:\/\/yoast.com\/wordpress\/plugins\/seo\/ -->\n<title>In memoriam - Tautini\u0173 \u0161oki\u0173 kolektyvas Vilniuje<\/title>\n<meta name=\"robots\" content=\"index, follow, max-snippet:-1, max-image-preview:large, max-video-preview:-1\" \/>\n<link rel=\"canonical\" href=\"https:\/\/sietuva.lt\/index.php\/2017\/09\/28\/in-memoriam\/\" \/>\n<meta property=\"og:locale\" content=\"en_US\" \/>\n<meta property=\"og:type\" content=\"article\" \/>\n<meta property=\"og:title\" content=\"In memoriam - Tautini\u0173 \u0161oki\u0173 kolektyvas Vilniuje\" \/>\n<meta property=\"og:description\" content=\"Vadovas Vladimiras Usovas visuomet buvo \u201ekiek kitoks\u201c. \u201eKitoks\u201c ta prasme, jog nesistengdavo daryti ar kurti taip, kad b\u016bt\u0173 suprantama ir \u012fprasta visiems, ta\u010diau ie\u0161kodavo toki\u0173 i\u0161rai\u0161kos priemoni\u0173, kurios nustebint\u0173 \u017ei\u016brov\u0105. Mano pirmasis susitikimas su Vadovu \u012fvyko 2002 metais, kuomet b\u016bdama antro kurso student\u0117 at\u0117jau \u0161okti \u012f \u201eSietuv\u0105\u201c. Pirm\u0173j\u0173 repeticij\u0173 jau neprisimenu, ta\u010diau viena, kas i\u0161liko&hellip;\" \/>\n<meta property=\"og:url\" content=\"https:\/\/sietuva.lt\/index.php\/2017\/09\/28\/in-memoriam\/\" \/>\n<meta property=\"og:site_name\" content=\"Tautini\u0173 \u0161oki\u0173 kolektyvas Vilniuje\" \/>\n<meta property=\"article:published_time\" content=\"2017-09-28T06:41:38+00:00\" \/>\n<meta property=\"og:image\" content=\"https:\/\/sietuva.lt\/wp-content\/uploads\/2017\/09\/1-usovas.jpg\" \/>\n<meta name=\"twitter:card\" content=\"summary\" \/>\n<meta name=\"twitter:label1\" content=\"Written by\" \/>\n\t<meta name=\"twitter:data1\" content=\"Sietuva\" \/>\n\t<meta name=\"twitter:label2\" content=\"Est. reading time\" \/>\n\t<meta name=\"twitter:data2\" content=\"5 minutes\" \/>\n<script type=\"application\/ld+json\" class=\"yoast-schema-graph\">{\"@context\":\"https:\/\/schema.org\",\"@graph\":[{\"@type\":\"WebSite\",\"@id\":\"https:\/\/sietuva.lt\/#website\",\"url\":\"https:\/\/sietuva.lt\/\",\"name\":\"Tautini\u0173 \u0161oki\u0173 kolektyvas Vilniuje\",\"description\":\"Ansamblis SIETUVA\",\"potentialAction\":[{\"@type\":\"SearchAction\",\"target\":{\"@type\":\"EntryPoint\",\"urlTemplate\":\"https:\/\/sietuva.lt\/?s={search_term_string}\"},\"query-input\":\"required name=search_term_string\"}],\"inLanguage\":\"en-US\"},{\"@type\":\"ImageObject\",\"inLanguage\":\"en-US\",\"@id\":\"https:\/\/sietuva.lt\/index.php\/2017\/09\/28\/in-memoriam\/#primaryimage\",\"url\":\"https:\/\/sietuva.lt\/wp-content\/uploads\/2017\/09\/1-usovas.jpg\",\"contentUrl\":\"https:\/\/sietuva.lt\/wp-content\/uploads\/2017\/09\/1-usovas.jpg\",\"width\":482,\"height\":766},{\"@type\":\"WebPage\",\"@id\":\"https:\/\/sietuva.lt\/index.php\/2017\/09\/28\/in-memoriam\/#webpage\",\"url\":\"https:\/\/sietuva.lt\/index.php\/2017\/09\/28\/in-memoriam\/\",\"name\":\"In memoriam - Tautini\u0173 \u0161oki\u0173 kolektyvas Vilniuje\",\"isPartOf\":{\"@id\":\"https:\/\/sietuva.lt\/#website\"},\"primaryImageOfPage\":{\"@id\":\"https:\/\/sietuva.lt\/index.php\/2017\/09\/28\/in-memoriam\/#primaryimage\"},\"datePublished\":\"2017-09-28T06:41:38+00:00\",\"dateModified\":\"2017-09-28T06:41:38+00:00\",\"author\":{\"@id\":\"https:\/\/sietuva.lt\/#\/schema\/person\/38673dc459e63e10f1b87966c67be05c\"},\"breadcrumb\":{\"@id\":\"https:\/\/sietuva.lt\/index.php\/2017\/09\/28\/in-memoriam\/#breadcrumb\"},\"inLanguage\":\"en-US\",\"potentialAction\":[{\"@type\":\"ReadAction\",\"target\":[\"https:\/\/sietuva.lt\/index.php\/2017\/09\/28\/in-memoriam\/\"]}]},{\"@type\":\"BreadcrumbList\",\"@id\":\"https:\/\/sietuva.lt\/index.php\/2017\/09\/28\/in-memoriam\/#breadcrumb\",\"itemListElement\":[{\"@type\":\"ListItem\",\"position\":1,\"name\":\"Home\",\"item\":\"https:\/\/sietuva.lt\/\"},{\"@type\":\"ListItem\",\"position\":2,\"name\":\"In memoriam\"}]},{\"@type\":\"Person\",\"@id\":\"https:\/\/sietuva.lt\/#\/schema\/person\/38673dc459e63e10f1b87966c67be05c\",\"name\":\"Sietuva\",\"image\":{\"@type\":\"ImageObject\",\"inLanguage\":\"en-US\",\"@id\":\"https:\/\/sietuva.lt\/#\/schema\/person\/image\/\",\"url\":\"https:\/\/secure.gravatar.com\/avatar\/0170db8b2fec1d67b8ac9240c939cbb4?s=96&d=mm&r=g\",\"contentUrl\":\"https:\/\/secure.gravatar.com\/avatar\/0170db8b2fec1d67b8ac9240c939cbb4?s=96&d=mm&r=g\",\"caption\":\"Sietuva\"},\"url\":\"https:\/\/sietuva.lt\/index.php\/author\/sietuva\/\"}]}<\/script>\n<!-- \/ Yoast SEO plugin. -->","yoast_head_json":{"title":"In memoriam - Tautini\u0173 \u0161oki\u0173 kolektyvas Vilniuje","robots":{"index":"index","follow":"follow","max-snippet":"max-snippet:-1","max-image-preview":"max-image-preview:large","max-video-preview":"max-video-preview:-1"},"canonical":"https:\/\/sietuva.lt\/index.php\/2017\/09\/28\/in-memoriam\/","og_locale":"en_US","og_type":"article","og_title":"In memoriam - Tautini\u0173 \u0161oki\u0173 kolektyvas Vilniuje","og_description":"Vadovas Vladimiras Usovas visuomet buvo \u201ekiek kitoks\u201c. \u201eKitoks\u201c ta prasme, jog nesistengdavo daryti ar kurti taip, kad b\u016bt\u0173 suprantama ir \u012fprasta visiems, ta\u010diau ie\u0161kodavo toki\u0173 i\u0161rai\u0161kos priemoni\u0173, kurios nustebint\u0173 \u017ei\u016brov\u0105. Mano pirmasis susitikimas su Vadovu \u012fvyko 2002 metais, kuomet b\u016bdama antro kurso student\u0117 at\u0117jau \u0161okti \u012f \u201eSietuv\u0105\u201c. Pirm\u0173j\u0173 repeticij\u0173 jau neprisimenu, ta\u010diau viena, kas i\u0161liko&hellip;","og_url":"https:\/\/sietuva.lt\/index.php\/2017\/09\/28\/in-memoriam\/","og_site_name":"Tautini\u0173 \u0161oki\u0173 kolektyvas Vilniuje","article_published_time":"2017-09-28T06:41:38+00:00","og_image":[{"url":"https:\/\/sietuva.lt\/wp-content\/uploads\/2017\/09\/1-usovas.jpg"}],"twitter_card":"summary","twitter_misc":{"Written by":"Sietuva","Est. reading time":"5 minutes"},"schema":{"@context":"https:\/\/schema.org","@graph":[{"@type":"WebSite","@id":"https:\/\/sietuva.lt\/#website","url":"https:\/\/sietuva.lt\/","name":"Tautini\u0173 \u0161oki\u0173 kolektyvas Vilniuje","description":"Ansamblis SIETUVA","potentialAction":[{"@type":"SearchAction","target":{"@type":"EntryPoint","urlTemplate":"https:\/\/sietuva.lt\/?s={search_term_string}"},"query-input":"required name=search_term_string"}],"inLanguage":"en-US"},{"@type":"ImageObject","inLanguage":"en-US","@id":"https:\/\/sietuva.lt\/index.php\/2017\/09\/28\/in-memoriam\/#primaryimage","url":"https:\/\/sietuva.lt\/wp-content\/uploads\/2017\/09\/1-usovas.jpg","contentUrl":"https:\/\/sietuva.lt\/wp-content\/uploads\/2017\/09\/1-usovas.jpg","width":482,"height":766},{"@type":"WebPage","@id":"https:\/\/sietuva.lt\/index.php\/2017\/09\/28\/in-memoriam\/#webpage","url":"https:\/\/sietuva.lt\/index.php\/2017\/09\/28\/in-memoriam\/","name":"In memoriam - Tautini\u0173 \u0161oki\u0173 kolektyvas Vilniuje","isPartOf":{"@id":"https:\/\/sietuva.lt\/#website"},"primaryImageOfPage":{"@id":"https:\/\/sietuva.lt\/index.php\/2017\/09\/28\/in-memoriam\/#primaryimage"},"datePublished":"2017-09-28T06:41:38+00:00","dateModified":"2017-09-28T06:41:38+00:00","author":{"@id":"https:\/\/sietuva.lt\/#\/schema\/person\/38673dc459e63e10f1b87966c67be05c"},"breadcrumb":{"@id":"https:\/\/sietuva.lt\/index.php\/2017\/09\/28\/in-memoriam\/#breadcrumb"},"inLanguage":"en-US","potentialAction":[{"@type":"ReadAction","target":["https:\/\/sietuva.lt\/index.php\/2017\/09\/28\/in-memoriam\/"]}]},{"@type":"BreadcrumbList","@id":"https:\/\/sietuva.lt\/index.php\/2017\/09\/28\/in-memoriam\/#breadcrumb","itemListElement":[{"@type":"ListItem","position":1,"name":"Home","item":"https:\/\/sietuva.lt\/"},{"@type":"ListItem","position":2,"name":"In memoriam"}]},{"@type":"Person","@id":"https:\/\/sietuva.lt\/#\/schema\/person\/38673dc459e63e10f1b87966c67be05c","name":"Sietuva","image":{"@type":"ImageObject","inLanguage":"en-US","@id":"https:\/\/sietuva.lt\/#\/schema\/person\/image\/","url":"https:\/\/secure.gravatar.com\/avatar\/0170db8b2fec1d67b8ac9240c939cbb4?s=96&d=mm&r=g","contentUrl":"https:\/\/secure.gravatar.com\/avatar\/0170db8b2fec1d67b8ac9240c939cbb4?s=96&d=mm&r=g","caption":"Sietuva"},"url":"https:\/\/sietuva.lt\/index.php\/author\/sietuva\/"}]}},"_links":{"self":[{"href":"https:\/\/sietuva.lt\/index.php\/wp-json\/wp\/v2\/posts\/507"}],"collection":[{"href":"https:\/\/sietuva.lt\/index.php\/wp-json\/wp\/v2\/posts"}],"about":[{"href":"https:\/\/sietuva.lt\/index.php\/wp-json\/wp\/v2\/types\/post"}],"author":[{"embeddable":true,"href":"https:\/\/sietuva.lt\/index.php\/wp-json\/wp\/v2\/users\/1"}],"replies":[{"embeddable":true,"href":"https:\/\/sietuva.lt\/index.php\/wp-json\/wp\/v2\/comments?post=507"}],"version-history":[{"count":1,"href":"https:\/\/sietuva.lt\/index.php\/wp-json\/wp\/v2\/posts\/507\/revisions"}],"predecessor-version":[{"id":509,"href":"https:\/\/sietuva.lt\/index.php\/wp-json\/wp\/v2\/posts\/507\/revisions\/509"}],"wp:attachment":[{"href":"https:\/\/sietuva.lt\/index.php\/wp-json\/wp\/v2\/media?parent=507"}],"wp:term":[{"taxonomy":"category","embeddable":true,"href":"https:\/\/sietuva.lt\/index.php\/wp-json\/wp\/v2\/categories?post=507"},{"taxonomy":"post_tag","embeddable":true,"href":"https:\/\/sietuva.lt\/index.php\/wp-json\/wp\/v2\/tags?post=507"}],"curies":[{"name":"wp","href":"https:\/\/api.w.org\/{rel}","templated":true}]}}