{"id":539,"date":"2018-03-20T10:27:12","date_gmt":"2018-03-20T08:27:12","guid":{"rendered":"https:\/\/sietuva.lt\/?p=539"},"modified":"2018-03-20T10:27:12","modified_gmt":"2018-03-20T08:27:12","slug":"aukso-paukste","status":"publish","type":"post","link":"https:\/\/sietuva.lt\/index.php\/2018\/03\/20\/aukso-paukste\/","title":{"rendered":"Aukso pauk\u0161t\u0117"},"content":{"rendered":"<div dir=\"ltr\">\n<p><img decoding=\"async\" loading=\"lazy\" class=\"size-full wp-image-553 aligncenter\" src=\"https:\/\/sietuva.lt\/wp-content\/uploads\/2018\/03\/AUKSO-PAUKSTE.jpg\" alt=\"AUKSO-PAUKSTE\" width=\"167\" height=\"296\" \/><\/p>\n<p>D\u017eiaugdamiesi norime prane\u0161ti, kad VTDK \u0161oki\u0173 ansamblis &#8220;Sietuva&#8221; gavo auk\u0161\u010diausi\u0105 m\u0117g\u0117j\u0173 meno kolektyv\u0173 bei j\u0173 vadov\u0173 apdovanojim\u0105 Lietuvoje &#8211; AUKSO PAUK\u0160T\u0118. Ta proga si\u016blome susipa\u017einti su ansamblio vadovais!<\/p>\n<p><strong><img decoding=\"async\" loading=\"lazy\" class=\"alignleft size-full wp-image-541\" src=\"https:\/\/sietuva.lt\/wp-content\/uploads\/2018\/03\/Edmundas-Zicka.jpg\" alt=\"Edmundas Zicka\" width=\"207\" height=\"204\" \/>Edmundas \u017di\u010dka<\/strong> (g. 1982 Vilniuje) 2010 m. Baig\u0117 Vilniaus pedagogon\u012f universitet\u0105 ir \u012fgijo \u0161okio edukologijos bakalauro laipsn\u012f. Nuo 2011 m. vadovauja Vilniaus technologij\u0173 ir dizaino kolegijos Jaunimo liaudi\u0161k\u0173 \u0161oki\u0173 ansambliui \u201eSietuva\u201c. Tokiais sakiniais gal\u0117t\u0173 prasid\u0117da kiekvieno \u0161okio vadovo biografija, toki\u0105 j\u0105 turi ir Edmundas \u017di\u010dka, tik \u0161okio edukologijos bakalauras jam buvo jau tre\u010dias diplomas po studij\u0173 Vilniaus universitete, o studenti\u0161kame ansamblyje \u201eSietuva\u201c jis jau buvo at\u0161ok\u0119s trylika met\u0173. Tad ir vadovauti ansambliui jis sutiko tik nor\u0117damas \u012fsistikinti ar sugeb\u0117s&#8230; Ar sugeb\u0117s sukurti ka\u017ek\u0105 naujo. Ir jau 2013 metais jis \u017ei\u016brovams pristat\u0117 autorin\u0119 liaudi\u0161k\u0173 \u0161oki\u0173 program\u0105 \u201eTeka up\u0117\u201c, kuri\u0105 kuriant grie\u017etai laik\u0117si liaudi\u0161ko \u0161okio tradicijos, bet kartu ie\u0161kojo nauj\u0173 judesi\u0173, form\u0173, melodij\u0173.<\/div>\n<div dir=\"ltr\">\n<p style=\"text-align: justify;\">2016 metais su ansambliu \u201eSietuva\u201c dalyvaujant televiziniame projekte \u201eKadagys\u201c Edmundas \u017di\u010dka \u201eap\u0161ilo k\u016brybinius raumenis\u201c naujoje stilistikoje. Visi\u0161kai ai\u0161kus tapo noras sukurti \u0161okio spektakl\u012f. Galvojant apie tem\u0105, forma ir stilistika i\u0161siskristalizavo ankstyvosios Lietuvos valstybingimo laikotarpis, o legenda apie \u201eBirut\u0119 ir K\u0119stut\u012f\u201c pasirod\u0117 esanti puikus siu\u017eetas choreografiniam u\u017emanymui \u012fgyvendinti. Tad 2018 metais \u017ei\u016brovui ruo\u0161iamasi pristatyti nauj\u0105 regin\u012f!<\/p>\n<p><img decoding=\"async\" loading=\"lazy\" class=\"wp-image-543 alignright\" src=\"https:\/\/sietuva.lt\/wp-content\/uploads\/2018\/03\/IMG_2544.jpg\" alt=\"IMG_2544\" width=\"301\" height=\"465\" srcset=\"https:\/\/sietuva.lt\/wp-content\/uploads\/2018\/03\/IMG_2544.jpg 449w, https:\/\/sietuva.lt\/wp-content\/uploads\/2018\/03\/IMG_2544-194x300.jpg 194w\" sizes=\"(max-width: 301px) 100vw, 301px\" \/><\/p>\n<p style=\"text-align: justify;\"><strong>Dainora Kinderien\u0117<\/strong> 1991 m. su pagyrimu baig\u0117 \u0160iauli\u0173 auk\u0161tesni\u0105j\u0105 muzikos mokykl\u0105 (dabartin\u0117 Sauliaus Sondeckio men\u0173 mokykla). Lietuvos valstybin\u0117je konservatorijoje baig\u0117 orkestrinio dirigavimo bei kankli\u0173 klas\u0117s magistrant\u016bros studijas ir \u012fgijo pedagogin\u012f i\u0161silavinim\u0105.<\/p>\n<p style=\"text-align: justify;\">1996 m. dar b\u016bdama student\u0117 \u012fsitrauk\u0117 \u012f valstybinio dain\u0173 ir \u0161oki\u0173 ansamblio \u201eLietuva\u201c veikl\u0105 bei prad\u0117jo dirbti B.Jonu\u0161o muzikos mokykloje. Ilgainiui supratusi, kad darbas mokykloje padeda geriau atskleisti asmenyb\u0119, suteikia galimyb\u0119 geriau pa\u017einti \u017emog\u0173, nusprend\u0117 t\u0119sti pedagogin\u012f darb\u0105 ir vis\u0105 energij\u0105 bei \u017einias perduoti kitiems. 2004 m. sub\u016br\u0117 liaudies instrument\u0173 ansambl\u012f \u201eJurgin\u0117lis\u201c, kartu (nuo 2015 m.) vadovauja ir ansamblio \u201cSietuva\u201d liaudies instrument\u0173 orkestrui.<\/p>\n<p><img decoding=\"async\" loading=\"lazy\" class=\"alignleft size-full wp-image-546\" src=\"https:\/\/sietuva.lt\/wp-content\/uploads\/2018\/03\/Renatas-Jaraminas.jpg\" alt=\"Renatas Jaraminas\" width=\"300\" height=\"451\" srcset=\"https:\/\/sietuva.lt\/wp-content\/uploads\/2018\/03\/Renatas-Jaraminas.jpg 300w, https:\/\/sietuva.lt\/wp-content\/uploads\/2018\/03\/Renatas-Jaraminas-200x300.jpg 200w\" sizes=\"(max-width: 300px) 100vw, 300px\" \/><\/p>\n<p style=\"text-align: justify;\"><strong>Renatas Jaraminas<\/strong> Lietuvos muzikos akademijoje baig\u0117 birbyn\u0117s specialyb\u0117s kurs\u0105 (prof. Prano Tamo\u0161ai\u010dio klas\u0117). Besimokydamas prad\u0117jo dirbti valstybiniame dain\u0173 ir \u0161oki\u0173 ansamblyje \u201eLietuva\u201c. 1989\u20132002 m. grojo \u0161io ansamblio orkestre. 1999\u20132009 m. dirbo Lietuvos vaik\u0173 ir jaunimo centro dain\u0173 ir \u0161oki\u0173 ansamblio \u201eUgnel\u0117\u201c orkestro vadovu. 2001\u20132003 m. vadovavo Naujosios Vilnios muzikos mokyklos birbyni\u0173 ansambliui. Nuo 2002 m. dirba Vilniaus B.Jonu\u0161o muzikos mokyklos Liaudies instrument\u0173 skyriuje \u2013 moko groti birbyne, lamzdeliu, skrabalais, skudu\u010diais ir kitais lietuvi\u0173 liaudies instrumentais bei vadovauja \u201eJurgin\u0117lio\u201c orkestrui. Nuo 2015 m. prad\u0117jo vadovauti VTDK ansamblio \u201cSietuva\u201d liaudies instrument\u0173 orkestrui.<\/p>\n<p style=\"text-align: justify;\">R.Jaraminas, kaip pedagogas, turi mokytojo metodininko kvalifikacij\u0105, yra paruo\u0161\u0119s ne vien\u0105 respublikini\u0173 konkurs\u0173 laureat\u0105.<\/p>\n<\/div>\n","protected":false},"excerpt":{"rendered":"<p>D\u017eiaugdamiesi norime prane\u0161ti, kad VTDK \u0161oki\u0173 ansamblis &#8220;Sietuva&#8221; gavo auk\u0161\u010diausi\u0105 m\u0117g\u0117j\u0173 meno kolektyv\u0173 bei j\u0173 vadov\u0173 apdovanojim\u0105 Lietuvoje &#8211; AUKSO PAUK\u0160T\u0118. Ta proga si\u016blome susipa\u017einti su ansamblio vadovais! Edmundas \u017di\u010dka (g. 1982 Vilniuje) 2010 m. Baig\u0117 Vilniaus pedagogon\u012f universitet\u0105 ir \u012fgijo \u0161okio edukologijos bakalauro laipsn\u012f. Nuo 2011 m. vadovauja Vilniaus technologij\u0173 ir dizaino kolegijos Jaunimo&hellip;<\/p>\n","protected":false},"author":1,"featured_media":0,"comment_status":"open","ping_status":"open","sticky":false,"template":"","format":"standard","meta":{"_mi_skip_tracking":false},"categories":[13],"tags":[],"yoast_head":"<!-- This site is optimized with the Yoast SEO plugin v19.0 - https:\/\/yoast.com\/wordpress\/plugins\/seo\/ -->\n<title>Aukso pauk\u0161t\u0117 - Tautini\u0173 \u0161oki\u0173 kolektyvas Vilniuje<\/title>\n<meta name=\"robots\" content=\"index, follow, max-snippet:-1, max-image-preview:large, max-video-preview:-1\" \/>\n<link rel=\"canonical\" href=\"https:\/\/sietuva.lt\/index.php\/2018\/03\/20\/aukso-paukste\/\" \/>\n<meta property=\"og:locale\" content=\"en_US\" \/>\n<meta property=\"og:type\" content=\"article\" \/>\n<meta property=\"og:title\" content=\"Aukso pauk\u0161t\u0117 - Tautini\u0173 \u0161oki\u0173 kolektyvas Vilniuje\" \/>\n<meta property=\"og:description\" content=\"D\u017eiaugdamiesi norime prane\u0161ti, kad VTDK \u0161oki\u0173 ansamblis &#8220;Sietuva&#8221; gavo auk\u0161\u010diausi\u0105 m\u0117g\u0117j\u0173 meno kolektyv\u0173 bei j\u0173 vadov\u0173 apdovanojim\u0105 Lietuvoje &#8211; AUKSO PAUK\u0160T\u0118. Ta proga si\u016blome susipa\u017einti su ansamblio vadovais! Edmundas \u017di\u010dka (g. 1982 Vilniuje) 2010 m. Baig\u0117 Vilniaus pedagogon\u012f universitet\u0105 ir \u012fgijo \u0161okio edukologijos bakalauro laipsn\u012f. Nuo 2011 m. vadovauja Vilniaus technologij\u0173 ir dizaino kolegijos Jaunimo&hellip;\" \/>\n<meta property=\"og:url\" content=\"https:\/\/sietuva.lt\/index.php\/2018\/03\/20\/aukso-paukste\/\" \/>\n<meta property=\"og:site_name\" content=\"Tautini\u0173 \u0161oki\u0173 kolektyvas Vilniuje\" \/>\n<meta property=\"article:published_time\" content=\"2018-03-20T08:27:12+00:00\" \/>\n<meta property=\"og:image\" content=\"https:\/\/sietuva.lt\/wp-content\/uploads\/2018\/03\/AUKSO-PAUKSTE.jpg\" \/>\n<meta name=\"twitter:card\" content=\"summary\" \/>\n<meta name=\"twitter:label1\" content=\"Written by\" \/>\n\t<meta name=\"twitter:data1\" content=\"Sietuva\" \/>\n\t<meta name=\"twitter:label2\" content=\"Est. reading time\" \/>\n\t<meta name=\"twitter:data2\" content=\"2 minutes\" \/>\n<script type=\"application\/ld+json\" class=\"yoast-schema-graph\">{\"@context\":\"https:\/\/schema.org\",\"@graph\":[{\"@type\":\"WebSite\",\"@id\":\"https:\/\/sietuva.lt\/#website\",\"url\":\"https:\/\/sietuva.lt\/\",\"name\":\"Tautini\u0173 \u0161oki\u0173 kolektyvas Vilniuje\",\"description\":\"Ansamblis SIETUVA\",\"potentialAction\":[{\"@type\":\"SearchAction\",\"target\":{\"@type\":\"EntryPoint\",\"urlTemplate\":\"https:\/\/sietuva.lt\/?s={search_term_string}\"},\"query-input\":\"required name=search_term_string\"}],\"inLanguage\":\"en-US\"},{\"@type\":\"ImageObject\",\"inLanguage\":\"en-US\",\"@id\":\"https:\/\/sietuva.lt\/index.php\/2018\/03\/20\/aukso-paukste\/#primaryimage\",\"url\":\"https:\/\/sietuva.lt\/wp-content\/uploads\/2018\/03\/AUKSO-PAUKSTE.jpg\",\"contentUrl\":\"https:\/\/sietuva.lt\/wp-content\/uploads\/2018\/03\/AUKSO-PAUKSTE.jpg\",\"width\":167,\"height\":296},{\"@type\":\"WebPage\",\"@id\":\"https:\/\/sietuva.lt\/index.php\/2018\/03\/20\/aukso-paukste\/#webpage\",\"url\":\"https:\/\/sietuva.lt\/index.php\/2018\/03\/20\/aukso-paukste\/\",\"name\":\"Aukso pauk\u0161t\u0117 - Tautini\u0173 \u0161oki\u0173 kolektyvas Vilniuje\",\"isPartOf\":{\"@id\":\"https:\/\/sietuva.lt\/#website\"},\"primaryImageOfPage\":{\"@id\":\"https:\/\/sietuva.lt\/index.php\/2018\/03\/20\/aukso-paukste\/#primaryimage\"},\"datePublished\":\"2018-03-20T08:27:12+00:00\",\"dateModified\":\"2018-03-20T08:27:12+00:00\",\"author\":{\"@id\":\"https:\/\/sietuva.lt\/#\/schema\/person\/38673dc459e63e10f1b87966c67be05c\"},\"breadcrumb\":{\"@id\":\"https:\/\/sietuva.lt\/index.php\/2018\/03\/20\/aukso-paukste\/#breadcrumb\"},\"inLanguage\":\"en-US\",\"potentialAction\":[{\"@type\":\"ReadAction\",\"target\":[\"https:\/\/sietuva.lt\/index.php\/2018\/03\/20\/aukso-paukste\/\"]}]},{\"@type\":\"BreadcrumbList\",\"@id\":\"https:\/\/sietuva.lt\/index.php\/2018\/03\/20\/aukso-paukste\/#breadcrumb\",\"itemListElement\":[{\"@type\":\"ListItem\",\"position\":1,\"name\":\"Home\",\"item\":\"https:\/\/sietuva.lt\/\"},{\"@type\":\"ListItem\",\"position\":2,\"name\":\"Aukso pauk\u0161t\u0117\"}]},{\"@type\":\"Person\",\"@id\":\"https:\/\/sietuva.lt\/#\/schema\/person\/38673dc459e63e10f1b87966c67be05c\",\"name\":\"Sietuva\",\"image\":{\"@type\":\"ImageObject\",\"inLanguage\":\"en-US\",\"@id\":\"https:\/\/sietuva.lt\/#\/schema\/person\/image\/\",\"url\":\"https:\/\/secure.gravatar.com\/avatar\/0170db8b2fec1d67b8ac9240c939cbb4?s=96&d=mm&r=g\",\"contentUrl\":\"https:\/\/secure.gravatar.com\/avatar\/0170db8b2fec1d67b8ac9240c939cbb4?s=96&d=mm&r=g\",\"caption\":\"Sietuva\"},\"url\":\"https:\/\/sietuva.lt\/index.php\/author\/sietuva\/\"}]}<\/script>\n<!-- \/ Yoast SEO plugin. -->","yoast_head_json":{"title":"Aukso pauk\u0161t\u0117 - Tautini\u0173 \u0161oki\u0173 kolektyvas Vilniuje","robots":{"index":"index","follow":"follow","max-snippet":"max-snippet:-1","max-image-preview":"max-image-preview:large","max-video-preview":"max-video-preview:-1"},"canonical":"https:\/\/sietuva.lt\/index.php\/2018\/03\/20\/aukso-paukste\/","og_locale":"en_US","og_type":"article","og_title":"Aukso pauk\u0161t\u0117 - Tautini\u0173 \u0161oki\u0173 kolektyvas Vilniuje","og_description":"D\u017eiaugdamiesi norime prane\u0161ti, kad VTDK \u0161oki\u0173 ansamblis &#8220;Sietuva&#8221; gavo auk\u0161\u010diausi\u0105 m\u0117g\u0117j\u0173 meno kolektyv\u0173 bei j\u0173 vadov\u0173 apdovanojim\u0105 Lietuvoje &#8211; AUKSO PAUK\u0160T\u0118. Ta proga si\u016blome susipa\u017einti su ansamblio vadovais! Edmundas \u017di\u010dka (g. 1982 Vilniuje) 2010 m. Baig\u0117 Vilniaus pedagogon\u012f universitet\u0105 ir \u012fgijo \u0161okio edukologijos bakalauro laipsn\u012f. Nuo 2011 m. vadovauja Vilniaus technologij\u0173 ir dizaino kolegijos Jaunimo&hellip;","og_url":"https:\/\/sietuva.lt\/index.php\/2018\/03\/20\/aukso-paukste\/","og_site_name":"Tautini\u0173 \u0161oki\u0173 kolektyvas Vilniuje","article_published_time":"2018-03-20T08:27:12+00:00","og_image":[{"url":"https:\/\/sietuva.lt\/wp-content\/uploads\/2018\/03\/AUKSO-PAUKSTE.jpg"}],"twitter_card":"summary","twitter_misc":{"Written by":"Sietuva","Est. reading time":"2 minutes"},"schema":{"@context":"https:\/\/schema.org","@graph":[{"@type":"WebSite","@id":"https:\/\/sietuva.lt\/#website","url":"https:\/\/sietuva.lt\/","name":"Tautini\u0173 \u0161oki\u0173 kolektyvas Vilniuje","description":"Ansamblis SIETUVA","potentialAction":[{"@type":"SearchAction","target":{"@type":"EntryPoint","urlTemplate":"https:\/\/sietuva.lt\/?s={search_term_string}"},"query-input":"required name=search_term_string"}],"inLanguage":"en-US"},{"@type":"ImageObject","inLanguage":"en-US","@id":"https:\/\/sietuva.lt\/index.php\/2018\/03\/20\/aukso-paukste\/#primaryimage","url":"https:\/\/sietuva.lt\/wp-content\/uploads\/2018\/03\/AUKSO-PAUKSTE.jpg","contentUrl":"https:\/\/sietuva.lt\/wp-content\/uploads\/2018\/03\/AUKSO-PAUKSTE.jpg","width":167,"height":296},{"@type":"WebPage","@id":"https:\/\/sietuva.lt\/index.php\/2018\/03\/20\/aukso-paukste\/#webpage","url":"https:\/\/sietuva.lt\/index.php\/2018\/03\/20\/aukso-paukste\/","name":"Aukso pauk\u0161t\u0117 - Tautini\u0173 \u0161oki\u0173 kolektyvas Vilniuje","isPartOf":{"@id":"https:\/\/sietuva.lt\/#website"},"primaryImageOfPage":{"@id":"https:\/\/sietuva.lt\/index.php\/2018\/03\/20\/aukso-paukste\/#primaryimage"},"datePublished":"2018-03-20T08:27:12+00:00","dateModified":"2018-03-20T08:27:12+00:00","author":{"@id":"https:\/\/sietuva.lt\/#\/schema\/person\/38673dc459e63e10f1b87966c67be05c"},"breadcrumb":{"@id":"https:\/\/sietuva.lt\/index.php\/2018\/03\/20\/aukso-paukste\/#breadcrumb"},"inLanguage":"en-US","potentialAction":[{"@type":"ReadAction","target":["https:\/\/sietuva.lt\/index.php\/2018\/03\/20\/aukso-paukste\/"]}]},{"@type":"BreadcrumbList","@id":"https:\/\/sietuva.lt\/index.php\/2018\/03\/20\/aukso-paukste\/#breadcrumb","itemListElement":[{"@type":"ListItem","position":1,"name":"Home","item":"https:\/\/sietuva.lt\/"},{"@type":"ListItem","position":2,"name":"Aukso pauk\u0161t\u0117"}]},{"@type":"Person","@id":"https:\/\/sietuva.lt\/#\/schema\/person\/38673dc459e63e10f1b87966c67be05c","name":"Sietuva","image":{"@type":"ImageObject","inLanguage":"en-US","@id":"https:\/\/sietuva.lt\/#\/schema\/person\/image\/","url":"https:\/\/secure.gravatar.com\/avatar\/0170db8b2fec1d67b8ac9240c939cbb4?s=96&d=mm&r=g","contentUrl":"https:\/\/secure.gravatar.com\/avatar\/0170db8b2fec1d67b8ac9240c939cbb4?s=96&d=mm&r=g","caption":"Sietuva"},"url":"https:\/\/sietuva.lt\/index.php\/author\/sietuva\/"}]}},"_links":{"self":[{"href":"https:\/\/sietuva.lt\/index.php\/wp-json\/wp\/v2\/posts\/539"}],"collection":[{"href":"https:\/\/sietuva.lt\/index.php\/wp-json\/wp\/v2\/posts"}],"about":[{"href":"https:\/\/sietuva.lt\/index.php\/wp-json\/wp\/v2\/types\/post"}],"author":[{"embeddable":true,"href":"https:\/\/sietuva.lt\/index.php\/wp-json\/wp\/v2\/users\/1"}],"replies":[{"embeddable":true,"href":"https:\/\/sietuva.lt\/index.php\/wp-json\/wp\/v2\/comments?post=539"}],"version-history":[{"count":9,"href":"https:\/\/sietuva.lt\/index.php\/wp-json\/wp\/v2\/posts\/539\/revisions"}],"predecessor-version":[{"id":554,"href":"https:\/\/sietuva.lt\/index.php\/wp-json\/wp\/v2\/posts\/539\/revisions\/554"}],"wp:attachment":[{"href":"https:\/\/sietuva.lt\/index.php\/wp-json\/wp\/v2\/media?parent=539"}],"wp:term":[{"taxonomy":"category","embeddable":true,"href":"https:\/\/sietuva.lt\/index.php\/wp-json\/wp\/v2\/categories?post=539"},{"taxonomy":"post_tag","embeddable":true,"href":"https:\/\/sietuva.lt\/index.php\/wp-json\/wp\/v2\/tags?post=539"}],"curies":[{"name":"wp","href":"https:\/\/api.w.org\/{rel}","templated":true}]}}