{"id":874,"date":"2026-02-26T16:01:49","date_gmt":"2026-02-26T14:01:49","guid":{"rendered":"https:\/\/sietuva.lt\/?p=874"},"modified":"2026-02-26T16:01:49","modified_gmt":"2026-02-26T14:01:49","slug":"pagrindiniai-ansamblio-sietuva-meno-vadovai","status":"publish","type":"post","link":"https:\/\/sietuva.lt\/index.php\/2026\/02\/26\/pagrindiniai-ansamblio-sietuva-meno-vadovai\/","title":{"rendered":"Pagrindiniai ansamblio SIETUVA Meno vadovai"},"content":{"rendered":"<p>\u0160ven\u010diant ansamblio SIETUVA jubiliej\u0173 kvie\u010diame prad\u0117ti kartu rinkti D\u0116LION\u0118!<\/p>\n<p><img decoding=\"async\" loading=\"lazy\" class=\"size-large wp-image-875 aligncenter\" src=\"https:\/\/sietuva.lt\/wp-content\/uploads\/2026\/02\/SIETUVOS-MENO-VADOVAI-1024x357.jpg\" alt=\"\" width=\"821\" height=\"286\" srcset=\"https:\/\/sietuva.lt\/wp-content\/uploads\/2026\/02\/SIETUVOS-MENO-VADOVAI-1024x357.jpg 1024w, https:\/\/sietuva.lt\/wp-content\/uploads\/2026\/02\/SIETUVOS-MENO-VADOVAI-300x104.jpg 300w, https:\/\/sietuva.lt\/wp-content\/uploads\/2026\/02\/SIETUVOS-MENO-VADOVAI-768x267.jpg 768w, https:\/\/sietuva.lt\/wp-content\/uploads\/2026\/02\/SIETUVOS-MENO-VADOVAI.jpg 1275w\" sizes=\"(max-width: 821px) 100vw, 821px\" \/><\/p>\n<p>I<br \/>\nJaunatvi\u0161kas smalsumas, dr\u0105sa, noras savo laisv\u0105 laik\u0105 u\u017epildyti \u0161okiu \u2013 \u0161tai taip pradedama d\u0117lioti \u201eSietuvos\u201c veiklos d\u0117lion\u0117. \u0160e\u0161ios merginos pa\u010dios susiranda vadov\u0119 Zit\u0105 ir vakarais po paskait\u0173 repetuoja \u0161okius vienoje i\u0161 tuometinio Vilniaus statybos technikumo auditorij\u0173. \u0160ok\u0117j\u0173 gretos pama\u017eu gaus\u0117ja. Prie sien\u0173 i\u0161stumd\u0119 mokyklinius suolus ir k\u0117des jie ritmingai \u017eingsniuoja \u0161okio \u017eingsneliu. Repetuojama tokiomis s\u0105lygomis, kokios yra, atskir\u0173 patalp\u0173 repeticijoms niekas nei svarsto, nei planuoja skirti. Nepaisant to, kad reguliaraus atlygio u\u017e \u0161ias \u0161okio pamokas vadov\u0117 Zita negauna, kolektyvo veikla t\u0119siasi, repertuaras po truput\u012f pildomas nors ir nesud\u0117tingais, bet naujais \u0161okiais. Pra\u0117jus kuriam laikui \u0161okio mokytojo vardas oficialiai \u012fra\u0161omas \u012f technikumo alg\u0173 \u017einiara\u0161\u010dius. V\u0117liau \u0161oki\u0173 vadov\u0119 Zit\u0105 pakei\u010dia vadov\u0117 Ksavera, tada v\u0117l gr\u012f\u017eta Zita, galiausiai kolektyv\u0105 perima vadov\u0117 Bronislava.<\/p>\n<p>II<br \/>\n1970 metais \u0161ok\u0117jams pradeda vadovauti Petras. Jo patirties baga\u017eas dirbant su Sietuvos kolektyvu, v\u0117liau \u2013 ir su ansambliu, siekia daugiau nei 20 met\u0173. Petras \u0161ok\u0117jams diegia profesional\u0173 po\u017ei\u016br\u012f \u012f \u0161ok\u012f, ypa\u010d \u2013 nepriekai\u0161ting\u0105 atlikimo technik\u0105. Klasikinis trena\u017eas tampa neatsiejama repeticij\u0173 dalimi. Reiklaus ir teisingai grie\u017eto vadovo \u012fdirbis duoda rezultat\u0173: prie\u0161 koncertus jis nestov\u0117davo u\u017ekulisiuose ir ne\u017earstydavo \u0161ok\u0117jams \u201epaskutin\u0117s minut\u0117s\u201c patarim\u0173 ar pastab\u0173, nes j\u0173 tiesiog nebereikdavo. Tiek repetav\u0119 \u0161ok\u0117jai b\u016bdavo atsakingai pasiruo\u0161\u0119 kiekvienam pasirodymui. Vadovas koncert\u0105 steb\u0117davo kartu su \u017ei\u016brovais, ta\u010diau net ir s\u0117d\u0117damas \u017ei\u016brovo k\u0117d\u0117je, \u012f savo \u0161ok\u0117jus vis tiek \u017evelg\u0117 ne \u201em\u0117g\u0117jo\u201c, o kriti\u0161komis \u201eprofesionalo\u201c akimis. Petras did\u017eiausi\u0105 d\u0117mes\u012f skiria fiziniam \u0161ok\u0117j\u0173 pasiruo\u0161imui ir nepriekai\u0161tingai \u0161okio technikai, savo autorini\u0173 \u0161oki\u0173 jis nesiima kurti. Petro vadovaujamas ansamblis &#8211; gausus, kostium\u0173 daug, Vilniaus statybos technikumo direktorius entuziastingai palaiko \u0161ok\u0117j\u0173 veikl\u0105. Kai netr\u016bksta vadovyb\u0117s palaikymo, tada ir darbas klostosi visai kitaip. Apie \u0161io ansamblio \u0161ok\u0117j\u0173 profesionalum\u0105 vadov\u0173 susib\u016brimuose pavyd\u017eiai \u0161nab\u017edamasi, \u0161ok\u0117jai daug koncertuoja, vyksta \u012f keliones, laimi \u0161oki\u0173 konkursus ir galiausiai pelnytai yra apdovanojami skambiu pavadinimu &#8211; SIETUVA.<\/p>\n<p>III<br \/>\n1993 metai \u2013 vadov\u0173 pasikeitimo laikas. Orkestrui pradeda vadovauti Jonas, v\u0117liau Antanas. Ansamblio Meno vadovu tampa Vladas. Patyr\u0119s \u0161oki\u0173 ansambli\u0173 vadovas i\u0161 paj\u016brio persik\u0117l\u0117 ar\u010diau gimt\u0173j\u0173 kra\u0161t\u0173 ir jo keliai susikirto su tuometin\u0117s Vilniaus auk\u0161tesniosios statybos mokyklos \u0161oki\u0173 ansambliu. Vladas \u012f Sietuv\u0105 ateina atsine\u0161damas didel\u0119 vadovavimo patirt\u012f, nor\u0105 kartu su \u0161ok\u0117jais kurti, i\u0161ie\u0161koti \u0161oki\u0173 derinius iki smulkmen\u0173, suteikti \u017ei\u016brovui nuostabos efekt\u0105, kai \u0161ok\u0117jai triguba polka apsuka ne vien\u0105 rat\u0105 scenoje. Aplink save jis suburia ir kitus kolegas, kurie Sietuvai sukuria ne vien\u0105 nauj\u0105 \u0161ok\u012f. Ir tai ne standartin\u0117s, jau ne kart\u0105 matytos \u0161oki\u0173 kompozicijos, o teatrali\u0161ki pasirodymai, d\u0117l kuri\u0173 unikalumo Sietuva tampa atpa\u017e\u012fstama. Vladas \u2013 unikalus vadovas, gebantis jausti ne tik \u0161okio dinamik\u0105, bet ir turintis \u201eak\u012f\u201c \u0161ok\u0117j\u0173 kostium\u0173 vizijai. J\u0173 pasi\u016bta daug ir \u012fvairi\u0173. Vladas prie ansamblio pakvie\u010dia prisijungti nauj\u0105 orkestro vadov\u0105 Lauryn\u0105. \u0160ok\u0117jai ir muzikantai \u2013 viena jauki studenti\u0161ka bendruomen\u0117, besim\u0117gaujanti liaudies \u0161okiu ir muzika. Nieko keisto, kad visai netrukus \u012f ansambl\u012f atskrenda pirmoji Aukso pauk\u0161t\u0117. Po kurio laiko Sietuvai pradeda vadovauti jauna choreograf\u0117 Loreta, bet planai kei\u010diasi, tad Vladas mielai sugr\u012f\u017eta toliau dirbti su savo u\u017eaugintais \u0161ok\u0117jais.<\/p>\n<p>IV<br \/>\nKas jis, kuris kiekvien\u0105 repeticij\u0105 ateina anks\u010diau nei kiti, kuris dr\u0105siai diskutuoja su Meno vadovu ir net pataria jam, kaip gra\u017eiau sud\u0117lioti \u0161okio kompozicij\u0105? \u0160ok\u0117j\u0173 gretose ima skleistis naujasis Sietuvos vadovas Edmundas. I\u0161 prad\u017ei\u0173 jis r\u016bpinasi kolektyvo i\u0161vykomis svetur, o v\u0117liau ir oficialiai perima vadovavimo vad\u017eias. Pasikeitus vadovams, nat\u016bralu, buvo u\u017everstas \u201esenasis\u201c ansamblio albumas ir prad\u0117tas kurti naujasis. Ver\u017elus naujasis vadovas dega noru kurti, daryti, bet sava stilistika ir taip, kad tiek \u017ei\u016brovui, tiek choreograf\u0173 bendruomenei nuo pirm\u0173j\u0173 akord\u0173 b\u016bt\u0173 \u012fdomu. Liaudi\u0161k\u0173 \u0161oki\u0173 formatas pritaikomas muzikiniams spektakliams ir autorin\u0117ms programoms. Ansamblio orkestro vadov\u0105 Lauryn\u0105 pakei\u010dia vadovai Renatas ir Dainora. \u012era\u0161oma antroji ansamblio liaudies instrument\u0173 orkestro kompaktin\u0117 plok\u0161tel\u0117. Matyt, niekieno nenustebino, kad \u012f Sietuvos rankas atskrenda antroji Aukso pauk\u0161t\u0117. Nuostabus ansamblio pakilimas, gausios \u0161ok\u0117j\u0173 gretos, daug veiklos ir kelioni\u0173 \u012f u\u017esienio valstybes&#8230; Deja, 2022 metais Sietuvos ir buvusios Vilniaus technologij\u0173 ir dizaino kolegijos keliai i\u0161siskiria. Galiausiai ir pa\u010dios kolegijos nebelieka, tad meno vadovui tenka rinktis: t\u0119sti veikl\u0105 ar tiesiog sukti skirtingais keliais. Pasirinkimas n\u0117ra toks paprastas kaip gali pasirodyti, gaila \u012fd\u0117to darbo, net ne darbo \u2013 gaila \u012fd\u0117tos \u0161irdies, energijos buriant, formuojant \u0161ok\u0117j\u0173 grupes, motyvuojant juos, gaila tos k\u016brybin\u0117s drob\u0117s, kuri per laik\u0105 tapo tokia artima ir reikalinga tiek pa\u010diam Edmundui, tiek \u0161ok\u0117jams. Meno vadovas pasirenka ne\u017eini\u0105, bet SIETUVA i\u0161lieka!<\/p>\n","protected":false},"excerpt":{"rendered":"<p>\u0160ven\u010diant ansamblio SIETUVA jubiliej\u0173 kvie\u010diame prad\u0117ti kartu rinkti D\u0116LION\u0118! I Jaunatvi\u0161kas smalsumas, dr\u0105sa, noras savo laisv\u0105 laik\u0105 u\u017epildyti \u0161okiu \u2013 \u0161tai taip pradedama d\u0117lioti \u201eSietuvos\u201c veiklos d\u0117lion\u0117. \u0160e\u0161ios merginos pa\u010dios susiranda vadov\u0119 Zit\u0105 ir vakarais po paskait\u0173 repetuoja \u0161okius vienoje i\u0161 tuometinio Vilniaus statybos technikumo auditorij\u0173. \u0160ok\u0117j\u0173 gretos pama\u017eu gaus\u0117ja. Prie sien\u0173 i\u0161stumd\u0119 mokyklinius suolus&hellip;<\/p>\n","protected":false},"author":1,"featured_media":0,"comment_status":"open","ping_status":"open","sticky":false,"template":"","format":"standard","meta":{"_mi_skip_tracking":false},"categories":[13],"tags":[],"yoast_head":"<!-- This site is optimized with the Yoast SEO plugin v19.0 - https:\/\/yoast.com\/wordpress\/plugins\/seo\/ -->\n<title>Pagrindiniai ansamblio SIETUVA Meno vadovai - Tautini\u0173 \u0161oki\u0173 kolektyvas Vilniuje<\/title>\n<meta name=\"robots\" content=\"index, follow, max-snippet:-1, max-image-preview:large, max-video-preview:-1\" \/>\n<link rel=\"canonical\" href=\"https:\/\/sietuva.lt\/index.php\/2026\/02\/26\/pagrindiniai-ansamblio-sietuva-meno-vadovai\/\" \/>\n<meta property=\"og:locale\" content=\"en_US\" \/>\n<meta property=\"og:type\" content=\"article\" \/>\n<meta property=\"og:title\" content=\"Pagrindiniai ansamblio SIETUVA Meno vadovai - Tautini\u0173 \u0161oki\u0173 kolektyvas Vilniuje\" \/>\n<meta property=\"og:description\" content=\"\u0160ven\u010diant ansamblio SIETUVA jubiliej\u0173 kvie\u010diame prad\u0117ti kartu rinkti D\u0116LION\u0118! I Jaunatvi\u0161kas smalsumas, dr\u0105sa, noras savo laisv\u0105 laik\u0105 u\u017epildyti \u0161okiu \u2013 \u0161tai taip pradedama d\u0117lioti \u201eSietuvos\u201c veiklos d\u0117lion\u0117. \u0160e\u0161ios merginos pa\u010dios susiranda vadov\u0119 Zit\u0105 ir vakarais po paskait\u0173 repetuoja \u0161okius vienoje i\u0161 tuometinio Vilniaus statybos technikumo auditorij\u0173. \u0160ok\u0117j\u0173 gretos pama\u017eu gaus\u0117ja. Prie sien\u0173 i\u0161stumd\u0119 mokyklinius suolus&hellip;\" \/>\n<meta property=\"og:url\" content=\"https:\/\/sietuva.lt\/index.php\/2026\/02\/26\/pagrindiniai-ansamblio-sietuva-meno-vadovai\/\" \/>\n<meta property=\"og:site_name\" content=\"Tautini\u0173 \u0161oki\u0173 kolektyvas Vilniuje\" \/>\n<meta property=\"article:published_time\" content=\"2026-02-26T14:01:49+00:00\" \/>\n<meta property=\"og:image\" content=\"https:\/\/sietuva.lt\/wp-content\/uploads\/2026\/02\/SIETUVOS-MENO-VADOVAI-1024x357.jpg\" \/>\n<meta name=\"twitter:card\" content=\"summary\" \/>\n<meta name=\"twitter:label1\" content=\"Written by\" \/>\n\t<meta name=\"twitter:data1\" content=\"Sietuva\" \/>\n\t<meta name=\"twitter:label2\" content=\"Est. reading time\" \/>\n\t<meta name=\"twitter:data2\" content=\"4 minutes\" \/>\n<script type=\"application\/ld+json\" class=\"yoast-schema-graph\">{\"@context\":\"https:\/\/schema.org\",\"@graph\":[{\"@type\":\"WebSite\",\"@id\":\"https:\/\/sietuva.lt\/#website\",\"url\":\"https:\/\/sietuva.lt\/\",\"name\":\"Tautini\u0173 \u0161oki\u0173 kolektyvas Vilniuje\",\"description\":\"Ansamblis SIETUVA\",\"potentialAction\":[{\"@type\":\"SearchAction\",\"target\":{\"@type\":\"EntryPoint\",\"urlTemplate\":\"https:\/\/sietuva.lt\/?s={search_term_string}\"},\"query-input\":\"required name=search_term_string\"}],\"inLanguage\":\"en-US\"},{\"@type\":\"ImageObject\",\"inLanguage\":\"en-US\",\"@id\":\"https:\/\/sietuva.lt\/index.php\/2026\/02\/26\/pagrindiniai-ansamblio-sietuva-meno-vadovai\/#primaryimage\",\"url\":\"https:\/\/sietuva.lt\/wp-content\/uploads\/2026\/02\/SIETUVOS-MENO-VADOVAI.jpg\",\"contentUrl\":\"https:\/\/sietuva.lt\/wp-content\/uploads\/2026\/02\/SIETUVOS-MENO-VADOVAI.jpg\",\"width\":1275,\"height\":444},{\"@type\":\"WebPage\",\"@id\":\"https:\/\/sietuva.lt\/index.php\/2026\/02\/26\/pagrindiniai-ansamblio-sietuva-meno-vadovai\/#webpage\",\"url\":\"https:\/\/sietuva.lt\/index.php\/2026\/02\/26\/pagrindiniai-ansamblio-sietuva-meno-vadovai\/\",\"name\":\"Pagrindiniai ansamblio SIETUVA Meno vadovai - Tautini\u0173 \u0161oki\u0173 kolektyvas Vilniuje\",\"isPartOf\":{\"@id\":\"https:\/\/sietuva.lt\/#website\"},\"primaryImageOfPage\":{\"@id\":\"https:\/\/sietuva.lt\/index.php\/2026\/02\/26\/pagrindiniai-ansamblio-sietuva-meno-vadovai\/#primaryimage\"},\"datePublished\":\"2026-02-26T14:01:49+00:00\",\"dateModified\":\"2026-02-26T14:01:49+00:00\",\"author\":{\"@id\":\"https:\/\/sietuva.lt\/#\/schema\/person\/38673dc459e63e10f1b87966c67be05c\"},\"breadcrumb\":{\"@id\":\"https:\/\/sietuva.lt\/index.php\/2026\/02\/26\/pagrindiniai-ansamblio-sietuva-meno-vadovai\/#breadcrumb\"},\"inLanguage\":\"en-US\",\"potentialAction\":[{\"@type\":\"ReadAction\",\"target\":[\"https:\/\/sietuva.lt\/index.php\/2026\/02\/26\/pagrindiniai-ansamblio-sietuva-meno-vadovai\/\"]}]},{\"@type\":\"BreadcrumbList\",\"@id\":\"https:\/\/sietuva.lt\/index.php\/2026\/02\/26\/pagrindiniai-ansamblio-sietuva-meno-vadovai\/#breadcrumb\",\"itemListElement\":[{\"@type\":\"ListItem\",\"position\":1,\"name\":\"Home\",\"item\":\"https:\/\/sietuva.lt\/\"},{\"@type\":\"ListItem\",\"position\":2,\"name\":\"Pagrindiniai ansamblio SIETUVA Meno vadovai\"}]},{\"@type\":\"Person\",\"@id\":\"https:\/\/sietuva.lt\/#\/schema\/person\/38673dc459e63e10f1b87966c67be05c\",\"name\":\"Sietuva\",\"image\":{\"@type\":\"ImageObject\",\"inLanguage\":\"en-US\",\"@id\":\"https:\/\/sietuva.lt\/#\/schema\/person\/image\/\",\"url\":\"https:\/\/secure.gravatar.com\/avatar\/0170db8b2fec1d67b8ac9240c939cbb4?s=96&d=mm&r=g\",\"contentUrl\":\"https:\/\/secure.gravatar.com\/avatar\/0170db8b2fec1d67b8ac9240c939cbb4?s=96&d=mm&r=g\",\"caption\":\"Sietuva\"},\"url\":\"https:\/\/sietuva.lt\/index.php\/author\/sietuva\/\"}]}<\/script>\n<!-- \/ Yoast SEO plugin. -->","yoast_head_json":{"title":"Pagrindiniai ansamblio SIETUVA Meno vadovai - Tautini\u0173 \u0161oki\u0173 kolektyvas Vilniuje","robots":{"index":"index","follow":"follow","max-snippet":"max-snippet:-1","max-image-preview":"max-image-preview:large","max-video-preview":"max-video-preview:-1"},"canonical":"https:\/\/sietuva.lt\/index.php\/2026\/02\/26\/pagrindiniai-ansamblio-sietuva-meno-vadovai\/","og_locale":"en_US","og_type":"article","og_title":"Pagrindiniai ansamblio SIETUVA Meno vadovai - Tautini\u0173 \u0161oki\u0173 kolektyvas Vilniuje","og_description":"\u0160ven\u010diant ansamblio SIETUVA jubiliej\u0173 kvie\u010diame prad\u0117ti kartu rinkti D\u0116LION\u0118! I Jaunatvi\u0161kas smalsumas, dr\u0105sa, noras savo laisv\u0105 laik\u0105 u\u017epildyti \u0161okiu \u2013 \u0161tai taip pradedama d\u0117lioti \u201eSietuvos\u201c veiklos d\u0117lion\u0117. \u0160e\u0161ios merginos pa\u010dios susiranda vadov\u0119 Zit\u0105 ir vakarais po paskait\u0173 repetuoja \u0161okius vienoje i\u0161 tuometinio Vilniaus statybos technikumo auditorij\u0173. \u0160ok\u0117j\u0173 gretos pama\u017eu gaus\u0117ja. Prie sien\u0173 i\u0161stumd\u0119 mokyklinius suolus&hellip;","og_url":"https:\/\/sietuva.lt\/index.php\/2026\/02\/26\/pagrindiniai-ansamblio-sietuva-meno-vadovai\/","og_site_name":"Tautini\u0173 \u0161oki\u0173 kolektyvas Vilniuje","article_published_time":"2026-02-26T14:01:49+00:00","og_image":[{"url":"https:\/\/sietuva.lt\/wp-content\/uploads\/2026\/02\/SIETUVOS-MENO-VADOVAI-1024x357.jpg"}],"twitter_card":"summary","twitter_misc":{"Written by":"Sietuva","Est. reading time":"4 minutes"},"schema":{"@context":"https:\/\/schema.org","@graph":[{"@type":"WebSite","@id":"https:\/\/sietuva.lt\/#website","url":"https:\/\/sietuva.lt\/","name":"Tautini\u0173 \u0161oki\u0173 kolektyvas Vilniuje","description":"Ansamblis SIETUVA","potentialAction":[{"@type":"SearchAction","target":{"@type":"EntryPoint","urlTemplate":"https:\/\/sietuva.lt\/?s={search_term_string}"},"query-input":"required name=search_term_string"}],"inLanguage":"en-US"},{"@type":"ImageObject","inLanguage":"en-US","@id":"https:\/\/sietuva.lt\/index.php\/2026\/02\/26\/pagrindiniai-ansamblio-sietuva-meno-vadovai\/#primaryimage","url":"https:\/\/sietuva.lt\/wp-content\/uploads\/2026\/02\/SIETUVOS-MENO-VADOVAI.jpg","contentUrl":"https:\/\/sietuva.lt\/wp-content\/uploads\/2026\/02\/SIETUVOS-MENO-VADOVAI.jpg","width":1275,"height":444},{"@type":"WebPage","@id":"https:\/\/sietuva.lt\/index.php\/2026\/02\/26\/pagrindiniai-ansamblio-sietuva-meno-vadovai\/#webpage","url":"https:\/\/sietuva.lt\/index.php\/2026\/02\/26\/pagrindiniai-ansamblio-sietuva-meno-vadovai\/","name":"Pagrindiniai ansamblio SIETUVA Meno vadovai - Tautini\u0173 \u0161oki\u0173 kolektyvas Vilniuje","isPartOf":{"@id":"https:\/\/sietuva.lt\/#website"},"primaryImageOfPage":{"@id":"https:\/\/sietuva.lt\/index.php\/2026\/02\/26\/pagrindiniai-ansamblio-sietuva-meno-vadovai\/#primaryimage"},"datePublished":"2026-02-26T14:01:49+00:00","dateModified":"2026-02-26T14:01:49+00:00","author":{"@id":"https:\/\/sietuva.lt\/#\/schema\/person\/38673dc459e63e10f1b87966c67be05c"},"breadcrumb":{"@id":"https:\/\/sietuva.lt\/index.php\/2026\/02\/26\/pagrindiniai-ansamblio-sietuva-meno-vadovai\/#breadcrumb"},"inLanguage":"en-US","potentialAction":[{"@type":"ReadAction","target":["https:\/\/sietuva.lt\/index.php\/2026\/02\/26\/pagrindiniai-ansamblio-sietuva-meno-vadovai\/"]}]},{"@type":"BreadcrumbList","@id":"https:\/\/sietuva.lt\/index.php\/2026\/02\/26\/pagrindiniai-ansamblio-sietuva-meno-vadovai\/#breadcrumb","itemListElement":[{"@type":"ListItem","position":1,"name":"Home","item":"https:\/\/sietuva.lt\/"},{"@type":"ListItem","position":2,"name":"Pagrindiniai ansamblio SIETUVA Meno vadovai"}]},{"@type":"Person","@id":"https:\/\/sietuva.lt\/#\/schema\/person\/38673dc459e63e10f1b87966c67be05c","name":"Sietuva","image":{"@type":"ImageObject","inLanguage":"en-US","@id":"https:\/\/sietuva.lt\/#\/schema\/person\/image\/","url":"https:\/\/secure.gravatar.com\/avatar\/0170db8b2fec1d67b8ac9240c939cbb4?s=96&d=mm&r=g","contentUrl":"https:\/\/secure.gravatar.com\/avatar\/0170db8b2fec1d67b8ac9240c939cbb4?s=96&d=mm&r=g","caption":"Sietuva"},"url":"https:\/\/sietuva.lt\/index.php\/author\/sietuva\/"}]}},"_links":{"self":[{"href":"https:\/\/sietuva.lt\/index.php\/wp-json\/wp\/v2\/posts\/874"}],"collection":[{"href":"https:\/\/sietuva.lt\/index.php\/wp-json\/wp\/v2\/posts"}],"about":[{"href":"https:\/\/sietuva.lt\/index.php\/wp-json\/wp\/v2\/types\/post"}],"author":[{"embeddable":true,"href":"https:\/\/sietuva.lt\/index.php\/wp-json\/wp\/v2\/users\/1"}],"replies":[{"embeddable":true,"href":"https:\/\/sietuva.lt\/index.php\/wp-json\/wp\/v2\/comments?post=874"}],"version-history":[{"count":1,"href":"https:\/\/sietuva.lt\/index.php\/wp-json\/wp\/v2\/posts\/874\/revisions"}],"predecessor-version":[{"id":876,"href":"https:\/\/sietuva.lt\/index.php\/wp-json\/wp\/v2\/posts\/874\/revisions\/876"}],"wp:attachment":[{"href":"https:\/\/sietuva.lt\/index.php\/wp-json\/wp\/v2\/media?parent=874"}],"wp:term":[{"taxonomy":"category","embeddable":true,"href":"https:\/\/sietuva.lt\/index.php\/wp-json\/wp\/v2\/categories?post=874"},{"taxonomy":"post_tag","embeddable":true,"href":"https:\/\/sietuva.lt\/index.php\/wp-json\/wp\/v2\/tags?post=874"}],"curies":[{"name":"wp","href":"https:\/\/api.w.org\/{rel}","templated":true}]}}